{"id":6754,"date":"2025-08-28T11:09:36","date_gmt":"2025-08-28T03:09:36","guid":{"rendered":"https:\/\/ambsingapore.esteri.it\/?p=6754"},"modified":"2025-08-28T11:12:45","modified_gmt":"2025-08-28T03:12:45","slug":"6754","status":"publish","type":"post","link":"https:\/\/ambsingapore.esteri.it\/en\/news\/dall_ambasciata\/2025\/08\/6754\/","title":{"rendered":"An oenological concert by Franco-Italian pianist Ida Pelliccioli"},"content":{"rendered":"<p style=\"text-align: center;\"><img loading=\"lazy\" decoding=\"async\" class=\"img-fluid aligncenter wp-image-6750 size-large\" src=\"https:\/\/ambsingapore.esteri.it\/wp-content\/uploads\/2025\/08\/Foto-pianista-Ida-Pelliccioli-819x1024.jpg\" alt=\"\" width=\"640\" height=\"800\" srcset=\"https:\/\/ambsingapore.esteri.it\/wp-content\/uploads\/2025\/08\/Foto-pianista-Ida-Pelliccioli-819x1024.jpg 819w, https:\/\/ambsingapore.esteri.it\/wp-content\/uploads\/2025\/08\/Foto-pianista-Ida-Pelliccioli-240x300.jpg 240w, https:\/\/ambsingapore.esteri.it\/wp-content\/uploads\/2025\/08\/Foto-pianista-Ida-Pelliccioli-768x960.jpg 768w, https:\/\/ambsingapore.esteri.it\/wp-content\/uploads\/2025\/08\/Foto-pianista-Ida-Pelliccioli.jpg 1920w\" sizes=\"auto, (max-width: 640px) 100vw, 640px\" \/><\/p>\n<p style=\"text-align: center;\"><strong>Thursday, 04 September 2025, 7.00 pm<\/strong><\/p>\n<p style=\"text-align: center;\">Le th\u00e9\u00e2tre , <strong><a href=\"https:\/\/click.mlsend.com\/link\/c\/YT0yODE1OTMwNDQ2MzM0OTE5Njk5JmM9dTFmMyZlPTAmYj0xNDcwMjM2OTg3JmQ9cTBmN3QzaQ==.wzoCUfHwmGQw636sSOQKELPa0XZqSxKPex6PpxeBKw8\">Alliance Fran\u00e7aise de Singapour\u00a0<\/a><\/strong><\/p>\n<p>&nbsp;<\/p>\n<p style=\"text-align: justify;\">And the journey for Italian music lovers doesn\u2019t end here! On Thursday 4 September at 7pm, Alliance Francaise brings to Singapore\u00a0<strong>Ida Pelliccioli<\/strong> \u2014 a Franco-Italian pianist from the Conservatoire de Paris \u2014 for a unique experience: an <em>oenological concert<\/em>, an elegant encounter between classical artistry and sommelier-led wine tasting.<\/p>\n<p style=\"text-align: justify;\">In celebration of the 150th anniversary of French composer Maurice Ravel, the evening will explore his refined, atmospheric sound world through a two-part sensory journey that unites music and fine wine. The repertoire, centered on the theme of introspection, also includes works by Busoni, paying homage to Ida\u2019s Italian heritage.<\/p>\n<p style=\"text-align: justify;\">\ud83d\udc49 You will find the link to the event and tickets <strong><a href=\"https:\/\/click.mlsend.com\/link\/c\/YT0yODE1OTMwNDQ2MzM0OTE5Njk5JmM9dTFmMyZlPTAmYj0xNDcwMjM2OTg4JmQ9YzhmMnQxeA==.VJMT4qDWCceQvBOKB4HExOteSOfzr-jjqDguyAY0U80\">HERE<\/a><\/strong>.<\/p>\n","protected":false},"excerpt":{"rendered":"Thursday, 04 September 2025, 7.00 pm Le th\u00e9\u00e2tre , Alliance Fran\u00e7aise de Singapour\u00a0 &nbsp; And the journey for Italian music lovers doesn\u2019t end here! On Thursday 4 September at 7pm, Alliance Francaise brings to Singapore\u00a0Ida Pelliccioli \u2014 a Franco-Italian pianist from the Conservatoire de Paris \u2014 for a unique experience: an oenological concert, an elegant [&hellip;]","protected":false},"author":4,"featured_media":6749,"comment_status":"closed","ping_status":"closed","sticky":false,"template":"","format":"standard","meta":{"footnotes":""},"tags":[7],"class_list":["post-6754","post","type-post","status-publish","format-standard","has-post-thumbnail","hentry","tag-diplomazia-culturale"],"_links":{"self":[{"href":"https:\/\/ambsingapore.esteri.it\/en\/wp-json\/wp\/v2\/posts\/6754","targetHints":{"allow":["GET"]}}],"collection":[{"href":"https:\/\/ambsingapore.esteri.it\/en\/wp-json\/wp\/v2\/posts"}],"about":[{"href":"https:\/\/ambsingapore.esteri.it\/en\/wp-json\/wp\/v2\/types\/post"}],"author":[{"embeddable":true,"href":"https:\/\/ambsingapore.esteri.it\/en\/wp-json\/wp\/v2\/users\/4"}],"replies":[{"embeddable":true,"href":"https:\/\/ambsingapore.esteri.it\/en\/wp-json\/wp\/v2\/comments?post=6754"}],"version-history":[{"count":2,"href":"https:\/\/ambsingapore.esteri.it\/en\/wp-json\/wp\/v2\/posts\/6754\/revisions"}],"predecessor-version":[{"id":6757,"href":"https:\/\/ambsingapore.esteri.it\/en\/wp-json\/wp\/v2\/posts\/6754\/revisions\/6757"}],"wp:featuredmedia":[{"embeddable":true,"href":"https:\/\/ambsingapore.esteri.it\/en\/wp-json\/wp\/v2\/media\/6749"}],"wp:attachment":[{"href":"https:\/\/ambsingapore.esteri.it\/en\/wp-json\/wp\/v2\/media?parent=6754"}],"wp:term":[{"taxonomy":"post_tag","embeddable":true,"href":"https:\/\/ambsingapore.esteri.it\/en\/wp-json\/wp\/v2\/tags?post=6754"}],"curies":[{"name":"wp","href":"https:\/\/api.w.org\/{rel}","templated":true}]}}