{"id":7399,"date":"2025-11-24T15:22:46","date_gmt":"2025-11-24T07:22:46","guid":{"rendered":"https:\/\/ambsingapore.esteri.it\/?p=7399"},"modified":"2025-11-24T15:40:51","modified_gmt":"2025-11-24T07:40:51","slug":"litalia-debutta-al-singapore-international-film-festival-due-film-italiani-in-selezione-un-regista-ospite-e-contributi-agli-industry-days-da-parte-di-esperti-italiani","status":"publish","type":"post","link":"https:\/\/ambsingapore.esteri.it\/it\/news\/dall_ambasciata\/2025\/11\/litalia-debutta-al-singapore-international-film-festival-due-film-italiani-in-selezione-un-regista-ospite-e-contributi-agli-industry-days-da-parte-di-esperti-italiani\/","title":{"rendered":"L\u2019Italia debutta al Singapore International Film Festival! Due film italiani in selezione, un regista ospite e contributi agli Industry Days da parte di esperti italiani."},"content":{"rendered":"<div class=\"prose dark:prose-invert inline leading-relaxed break-words min-w-0 [word-break:break-word] prose-strong:font-medium [&amp;_&gt;*:first-child]:mt-0\">\n<p class=\"my-2 [&amp;+p]:mt-4 [&amp;_strong:has(+br)]:inline-block [&amp;_strong:has(+br)]:pb-2\" style=\"text-align: justify;\">Italia partecipa per la prima volta al Singapore International Film Festival! Scopri i titoli e i programmi italiani presenti nel programma di quest&#8217;anno del Festival.<\/p>\n<p class=\"my-2 [&amp;+p]:mt-4 [&amp;_strong:has(+br)]:inline-block [&amp;_strong:has(+br)]:pb-2\"><strong><span class=\"group\/language-learning cursor-pointer\"><span class=\"group-hover\/language-learning:border-foreground border-subtle cursor-pointer hyphens-auto break-words border-b-2 border-dotted outline-none transition-colors duration-200 ease-out font-sans text-base font-medium text-foreground selection:bg-super\/50 selection:text-foreground dark:selection:bg-super\/10 dark:selection:text-super\">La Grazia<\/span><\/span><\/strong><br \/>\nDiretto da Paolo Sorrentino<br \/>\nData: Domenica, 7 dicembre 2025<br \/>\nOrario: 21:00 &#8211; 23:15<br \/>\nLuogo: GV Bugis Hall 5, 201 Victoria St, #05-01 Bugis+, Singapore 188067<\/p>\n<p><strong>Compra il tuo biglietto <a href=\"https:\/\/sistic.com.sg\/events\/sgiff2025\">qui<\/a><\/strong><\/p>\n<p><span class=\"group\/language-learning cursor-pointer\"><span class=\"group-hover\/language-learning:border-foreground border-subtle cursor-pointer hyphens-auto break-words border-b-2 border-dotted outline-none transition-colors duration-200 ease-out font-sans text-base font-medium text-foreground selection:bg-super\/50 selection:text-foreground dark:selection:bg-super\/10 dark:selection:text-super\"><strong>Waking Hours<\/strong> (con Q&amp;A post proiezione con il regista Federico Cammarata)<\/span><\/span><br \/>\nDiretto da Federico Cammarata e Filippo Foscarini<br \/>\nData: Mercoled\u00ec, 3 dicembre 2025<br \/>\nOrario: 19:00 &#8211; 20:15<br \/>\nLuogo: Oldham Theatre, 1 Canning Rise, Singapore 179868<\/p>\n<p class=\"my-2 [&amp;+p]:mt-4 [&amp;_strong:has(+br)]:inline-block [&amp;_strong:has(+br)]:pb-2\"><strong><span class=\"group\/language-learning cursor-pointer\"><span class=\"group-hover\/language-learning:border-foreground border-subtle cursor-pointer hyphens-auto break-words border-b-2 border-dotted outline-none transition-colors duration-200 ease-out font-sans text-base font-medium text-foreground selection:bg-super\/50 selection:text-foreground dark:selection:bg-super\/10 dark:selection:text-super\">Bouchra (co-produzione italiana)<\/span><\/span><\/strong><br \/>\nDiretto da Meriem Bennani, Orian Barki<br \/>\nData: Luned\u00ec, 1 dicembre 2025<br \/>\nOrario: 19:00 &#8211; 20:30<br \/>\nLuogo: Oldham Theatre, 1 Canning Rise, Singapore 179868<\/p>\n<\/div>\n<p style=\"text-align: center;\"><img loading=\"lazy\" decoding=\"async\" class=\"img-fluid aligncenter wp-image-7404 size-full\" src=\"https:\/\/ambsingapore.esteri.it\/wp-content\/uploads\/2025\/11\/Waking-Hours-2_39_1-Pre-Screening-Slide-1.png\" alt=\"\" width=\"1280\" height=\"536\" srcset=\"https:\/\/ambsingapore.esteri.it\/wp-content\/uploads\/2025\/11\/Waking-Hours-2_39_1-Pre-Screening-Slide-1.png 1280w, https:\/\/ambsingapore.esteri.it\/wp-content\/uploads\/2025\/11\/Waking-Hours-2_39_1-Pre-Screening-Slide-1-300x126.png 300w, https:\/\/ambsingapore.esteri.it\/wp-content\/uploads\/2025\/11\/Waking-Hours-2_39_1-Pre-Screening-Slide-1-1024x429.png 1024w, https:\/\/ambsingapore.esteri.it\/wp-content\/uploads\/2025\/11\/Waking-Hours-2_39_1-Pre-Screening-Slide-1-768x322.png 768w\" sizes=\"auto, (max-width: 1280px) 100vw, 1280px\" \/><\/p>\n<div class=\"prose dark:prose-invert inline leading-relaxed break-words min-w-0 [word-break:break-word] prose-strong:font-medium [&amp;_&gt;*:first-child]:mt-0\">\n<p class=\"my-2 [&amp;+p]:mt-4 [&amp;_strong:has(+br)]:inline-block [&amp;_strong:has(+br)]:pb-2\" style=\"text-align: justify;\"><strong>Incontri con l\u2019industria \u2013 Registi e professionisti italiani<\/strong><\/p>\n<p class=\"my-2 [&amp;+p]:mt-4 [&amp;_strong:has(+br)]:inline-block [&amp;_strong:has(+br)]:pb-2\" style=\"text-align: justify;\"><strong>Tavola rotonda sul mercato internazionale \u2013 Tendenze contemporanee nelle vendite e distribuzione mondiale<\/strong><br \/>\n<strong>Data:<\/strong> 2 dicembre, ore 10:00 \u2013 11:30<br \/>\n<strong>Relatori:<\/strong> Debra Jiang (New Europe Film Sales), Francesca Tiberi (True Colours Italy)<br \/>\n<strong>Moderatrice:<\/strong> Wonsun Shin<\/p>\n<p class=\"my-2 [&amp;+p]:mt-4 [&amp;_strong:has(+br)]:inline-block [&amp;_strong:has(+br)]:pb-2\" style=\"text-align: justify;\">I principali agenti di vendita internazionale analizzano le strategie in evoluzione, le sfide e le opportunit\u00e0 nella distribuzione cinematografica globale. Discutono di come i film vengono posizionati, promossi e distribuiti nei diversi mercati internazionali, mettendo in luce l\u2019intersezione tra visione creativa e strategia commerciale. La conversazione illumina le dinamiche del mercato cinematografico mondiale e i modi in cui le voci pi\u00f9 originali riescono a trovare il proprio pubblico.<\/p>\n<p class=\"my-2 [&amp;+p]:mt-4 [&amp;_strong:has(+br)]:inline-block [&amp;_strong:has(+br)]:pb-2\" style=\"text-align: justify;\"><strong>Grandi idee \u2013 Metodi di produzione innovativi e approcci a micro-budget nella regia cinematografica<\/strong><br \/>\n<strong>Data:<\/strong> 3 dicembre, ore 16:00 \u2013 17:30<br \/>\n<strong>Relatori:<\/strong> Federico Cammarata, Polen Ly<br \/>\n<strong>Moderatrice:<\/strong> Gladys Ng<\/p>\n<p class=\"my-2 [&amp;+p]:mt-4 [&amp;_strong:has(+br)]:inline-block [&amp;_strong:has(+br)]:pb-2\" style=\"text-align: justify;\">Questa sessione esplora come i nuovi registi adottano metodi di produzione a basso costo e a bassa tecnologia per sperimentare con la narrazione, la tecnologia e il linguaggio visivo. Si riflette su come i vincoli possano generare libert\u00e0, imprevedibilit\u00e0 e approcci non convenzionali, favorendo reti collaborative e comunit\u00e0 creative. La discussione approfondisce il potenziale del cinema a micro-budget nel mettere in discussione le convenzioni e nel coltivare voci cinematografiche distintive.<\/p>\n<\/div>\n<div class=\"prose dark:prose-invert inline leading-relaxed break-words min-w-0 [word-break:break-word] prose-strong:font-medium [&amp;_&gt;*:first-child]:mt-0\">\n<p class=\"my-2 [&amp;+p]:mt-4 [&amp;_strong:has(+br)]:inline-block [&amp;_strong:has(+br)]:pb-2\"><span class=\"text-box-trim-both\"><strong>Compra il pass per Industry Days <a href=\"https:\/\/sgiff.com\/industry-pass-purchase\/\">qui<\/a><\/strong><\/span><\/p>\n<\/div>\n<p style=\"text-align: justify;\"><strong>Il Singapore International Film Festival <\/strong><br \/>\nFondato nel 1987, il Singapore International Film Festival (SGIFF) \u00e8 il pi\u00f9 grande e longevo evento cinematografico di Singapore. Come illustre punto di riferimento nel calendario artistico locale, il Festival \u00e8 conosciuto per la sua programmazione dinamica e per l\u2019attenzione dedicata al cinema asiatico d\u2019avanguardia, sia per Singapore che per la regione.<\/p>\n","protected":false},"excerpt":{"rendered":"Italia partecipa per la prima volta al Singapore International Film Festival! Scopri i titoli e i programmi italiani presenti nel programma di quest&#8217;anno del Festival. La Grazia Diretto da Paolo Sorrentino Data: Domenica, 7 dicembre 2025 Orario: 21:00 &#8211; 23:15 Luogo: GV Bugis Hall 5, 201 Victoria St, #05-01 Bugis+, Singapore 188067 Compra il tuo [&hellip;]","protected":false},"author":4,"featured_media":7402,"comment_status":"closed","ping_status":"closed","sticky":false,"template":"","format":"standard","meta":{"footnotes":""},"tags":[7],"class_list":["post-7399","post","type-post","status-publish","format-standard","has-post-thumbnail","hentry","tag-diplomazia-culturale"],"_links":{"self":[{"href":"https:\/\/ambsingapore.esteri.it\/it\/wp-json\/wp\/v2\/posts\/7399","targetHints":{"allow":["GET"]}}],"collection":[{"href":"https:\/\/ambsingapore.esteri.it\/it\/wp-json\/wp\/v2\/posts"}],"about":[{"href":"https:\/\/ambsingapore.esteri.it\/it\/wp-json\/wp\/v2\/types\/post"}],"author":[{"embeddable":true,"href":"https:\/\/ambsingapore.esteri.it\/it\/wp-json\/wp\/v2\/users\/4"}],"replies":[{"embeddable":true,"href":"https:\/\/ambsingapore.esteri.it\/it\/wp-json\/wp\/v2\/comments?post=7399"}],"version-history":[{"count":4,"href":"https:\/\/ambsingapore.esteri.it\/it\/wp-json\/wp\/v2\/posts\/7399\/revisions"}],"predecessor-version":[{"id":7418,"href":"https:\/\/ambsingapore.esteri.it\/it\/wp-json\/wp\/v2\/posts\/7399\/revisions\/7418"}],"wp:featuredmedia":[{"embeddable":true,"href":"https:\/\/ambsingapore.esteri.it\/it\/wp-json\/wp\/v2\/media\/7402"}],"wp:attachment":[{"href":"https:\/\/ambsingapore.esteri.it\/it\/wp-json\/wp\/v2\/media?parent=7399"}],"wp:term":[{"taxonomy":"post_tag","embeddable":true,"href":"https:\/\/ambsingapore.esteri.it\/it\/wp-json\/wp\/v2\/tags?post=7399"}],"curies":[{"name":"wp","href":"https:\/\/api.w.org\/{rel}","templated":true}]}}